{"id":6466,"date":"2017-07-16T18:41:27","date_gmt":"2017-07-16T17:41:27","guid":{"rendered":"http:\/\/www.poliklinika-nedic.hr\/pn\/?p=6466"},"modified":"2017-07-16T18:45:40","modified_gmt":"2017-07-16T17:45:40","slug":"rodenje-prve-ivf-bebe","status":"publish","type":"post","link":"https:\/\/www.poliklinika-nedic.hr\/pn\/rodenje-prve-ivf-bebe\/","title":{"rendered":"Ro\u0111enje prve &#8220;IVF bebe&#8221;"},"content":{"rendered":"<p>Dana 25. srpnja 1978.g. ro\u0111eno je prvo \u010dedo za\u010deto in vitro oplodnjom (umjetnom oplodnjom) Louise Brown.<\/p>\n","protected":false},"excerpt":{"rendered":"<p>Dana 25. srpnja 1978.g. ro\u0111eno je prvo \u010dedo za\u010deto in vitro oplodnjom (umjetnom oplodnjom) Louise Brown.<\/p>\n","protected":false},"author":5,"featured_media":0,"comment_status":"closed","ping_status":"closed","sticky":false,"template":"","format":"standard","meta":{"_acf_changed":false,"footnotes":""},"categories":[131],"tags":[],"acf":[],"_links":{"self":[{"href":"https:\/\/www.poliklinika-nedic.hr\/pn\/wp-json\/wp\/v2\/posts\/6466"}],"collection":[{"href":"https:\/\/www.poliklinika-nedic.hr\/pn\/wp-json\/wp\/v2\/posts"}],"about":[{"href":"https:\/\/www.poliklinika-nedic.hr\/pn\/wp-json\/wp\/v2\/types\/post"}],"author":[{"embeddable":true,"href":"https:\/\/www.poliklinika-nedic.hr\/pn\/wp-json\/wp\/v2\/users\/5"}],"replies":[{"embeddable":true,"href":"https:\/\/www.poliklinika-nedic.hr\/pn\/wp-json\/wp\/v2\/comments?post=6466"}],"version-history":[{"count":0,"href":"https:\/\/www.poliklinika-nedic.hr\/pn\/wp-json\/wp\/v2\/posts\/6466\/revisions"}],"wp:attachment":[{"href":"https:\/\/www.poliklinika-nedic.hr\/pn\/wp-json\/wp\/v2\/media?parent=6466"}],"wp:term":[{"taxonomy":"category","embeddable":true,"href":"https:\/\/www.poliklinika-nedic.hr\/pn\/wp-json\/wp\/v2\/categories?post=6466"},{"taxonomy":"post_tag","embeddable":true,"href":"https:\/\/www.poliklinika-nedic.hr\/pn\/wp-json\/wp\/v2\/tags?post=6466"}],"curies":[{"name":"wp","href":"https:\/\/api.w.org\/{rel}","templated":true}]}}