{"id":6436,"date":"2016-08-22T22:13:21","date_gmt":"2016-08-22T21:13:21","guid":{"rendered":"http:\/\/www.poliklinika-nedic.hr\/pn\/?p=6436"},"modified":"2016-08-22T22:13:21","modified_gmt":"2016-08-22T21:13:21","slug":"10-rujan-svjetski-dan-prevencije-samoubojstava","status":"publish","type":"post","link":"https:\/\/www.poliklinika-nedic.hr\/pn\/10-rujan-svjetski-dan-prevencije-samoubojstava\/","title":{"rendered":"10. rujan &#8211; Svjetski dan prevencije samoubojstava"},"content":{"rendered":"<p>\u010cinjenice:<\/p>\n<ol>\n<li>\u010cetiri od pet osoba poku\u0161alo je samoubojstvo bar jednom prije toga.<\/li>\n<li>Od deset osoba koje po\u010dine samoubojstvo, osam ih je nekome reklo \u0161to \u0107e u\u010diniti.<\/li>\n<li>Samoubojstvo je \u010de\u0161\u0107e zastupljeno u starijoj dobnoj skupini (iznad 75 godina).<\/li>\n<li>Najmanje 100 000 adolescenata svake godine po\u010dini samoubojstvo.<\/li>\n<li>Omjer samoubojstava mu\u0161karaca i \u017eena je 3:1 i ovaj je podatak vrlo sli\u010dan u ve\u0107ini zemalja.<\/li>\n<li>U dobi izme\u0111u 15 i 19 godina samoubojstvo je drugi uzrok smrti po u\u010destalosti (na globalnoj razini).<\/li>\n<li>Za ve\u0107inu mladih osoba koje su poku\u0161ale ili izvr\u0161ile samoubojstvo utvr\u0111eno je da su du\u017ee vremena razmi\u0161ljale o tome.<\/li>\n<\/ol>\n<p>Rizi\u010dni \u010dimbenici su:<\/p>\n<ol>\n<li>Prethodni poku\u0161aji samoubojstva.<\/li>\n<li>Trenutne samoubila\u010dke misli.<\/li>\n<li>Po\u010dinjeno samoubojstvo unutar obitelji.<\/li>\n<li>Prethodne hospitalizacije zbog du\u0161evnih bolesti.<\/li>\n<li>Nedavno pro\u017eivljene stresne situacije, naro\u010dito ako dugo traju (gubitak bliske rodbine, prijatelja, razvod braka roditelja, prekid veze s partnerom, zlostavljanje na radnom mjestu, gubitak posla, gubitak doma).<\/li>\n<li>Gubitak ili o\u0161te\u0107enje zdravlja koji mo\u017ee biti stvaran ili imaginaran.<\/li>\n<li>Dru\u0161tvena izolacija.<\/li>\n<li>Ovisnost o drogama alkoholu ili kockanju.<\/li>\n<li>Izlo\u017eenost nasilju u domu ili dru\u0161tvenom okoli\u0161u.<\/li>\n<\/ol>\n<p>Potrebno je ulagati trajne napore u borbi protiv stigme vezane uz suicid i zamijeniti ti\u0161inu vezanu za problem samoubojstva zainteresiranim i odgovornim pristupom!<\/p>\n","protected":false},"excerpt":{"rendered":"<p>\u010cinjenice: \u010cetiri od pet osoba poku\u0161alo je samoubojstvo bar jednom prije toga. Od deset osoba koje po\u010dine samoubojstvo, osam ih je nekome reklo \u0161to \u0107e u\u010diniti. Samoubojstvo je \u010de\u0161\u0107e zastupljeno u starijoj dobnoj skupini (iznad 75 godina). Najmanje 100 000 adolescenata svake godine po\u010dini samoubojstvo. Omjer samoubojstava mu\u0161karaca i \u017eena je 3:1 i ovaj je<\/p>\n","protected":false},"author":5,"featured_media":6345,"comment_status":"closed","ping_status":"closed","sticky":false,"template":"","format":"standard","meta":{"_acf_changed":false,"footnotes":""},"categories":[131],"tags":[],"acf":[],"_links":{"self":[{"href":"https:\/\/www.poliklinika-nedic.hr\/pn\/wp-json\/wp\/v2\/posts\/6436"}],"collection":[{"href":"https:\/\/www.poliklinika-nedic.hr\/pn\/wp-json\/wp\/v2\/posts"}],"about":[{"href":"https:\/\/www.poliklinika-nedic.hr\/pn\/wp-json\/wp\/v2\/types\/post"}],"author":[{"embeddable":true,"href":"https:\/\/www.poliklinika-nedic.hr\/pn\/wp-json\/wp\/v2\/users\/5"}],"replies":[{"embeddable":true,"href":"https:\/\/www.poliklinika-nedic.hr\/pn\/wp-json\/wp\/v2\/comments?post=6436"}],"version-history":[{"count":0,"href":"https:\/\/www.poliklinika-nedic.hr\/pn\/wp-json\/wp\/v2\/posts\/6436\/revisions"}],"wp:featuredmedia":[{"embeddable":true,"href":"https:\/\/www.poliklinika-nedic.hr\/pn\/wp-json\/wp\/v2\/media\/6345"}],"wp:attachment":[{"href":"https:\/\/www.poliklinika-nedic.hr\/pn\/wp-json\/wp\/v2\/media?parent=6436"}],"wp:term":[{"taxonomy":"category","embeddable":true,"href":"https:\/\/www.poliklinika-nedic.hr\/pn\/wp-json\/wp\/v2\/categories?post=6436"},{"taxonomy":"post_tag","embeddable":true,"href":"https:\/\/www.poliklinika-nedic.hr\/pn\/wp-json\/wp\/v2\/tags?post=6436"}],"curies":[{"name":"wp","href":"https:\/\/api.w.org\/{rel}","templated":true}]}}