{"id":1113,"date":"2015-11-18T21:06:45","date_gmt":"2015-11-18T20:06:45","guid":{"rendered":"http:\/\/www.poliklinika-nedic.hr\/pn\/?p=1113"},"modified":"2016-04-18T07:42:29","modified_gmt":"2016-04-18T06:42:29","slug":"besplatno-mjerenje-krvnog-tlaka-i-secer-u-krvi","status":"publish","type":"post","link":"https:\/\/www.poliklinika-nedic.hr\/pn\/besplatno-mjerenje-krvnog-tlaka-i-secer-u-krvi\/","title":{"rendered":"Besplatno mjerenje krvnog tlaka i \u0161e\u0107er u krvi"},"content":{"rendered":"<p style=\"text-align: justify;\">Povodom Svjetskog dana \u0161e\u0107erne bolesti koji se obilje\u017eava 14. studenog organizirali smo akciju besplatnog mjerenja krvnog tlaka i \u0161e\u0107era u krvi, uz ku\u0161anje doma\u0107ih specijaliteta poput doma\u0107ih jabuka i su\u0161enih \u0161ljiva.<\/p>\n<p style=\"text-align: justify;\">Procjenjuje se da u Hrvatskoj svaka 10 osoba ima \u0161e\u0107ernu bolest a da 40% oboljelih jo\u0161 uvijek nema postavljenu dijagnozu. Ti podaci govore o va\u017enosti prevencije odr\u017eavanjem uravnote\u017eene prehrane i pove\u0107anjem tjelesne aktivnosti.<\/p>\n<p style=\"text-align: justify;\">Akcija mjerenja krvnog tlaka i \u0161e\u0107era u krvi u gra\u0111anima je pobudila interes za vlastito zdravlje, a kako je akcija izgledala detaljnije, pogledajte na slikama.<\/p>\n\r\n<div class=\"ngg-galleryoverview\" id=\"ngg-gallery-2-1113\">\r\n\r\n\r\n\t\r\n\t<!-- Thumbnails -->\r\n\t\t\r\n\t<div id=\"ngg-image-13\" class=\"ngg-gallery-thumbnail-box\"  >\r\n\t\t<div class=\"ngg-gallery-thumbnail\" >\r\n\t\t\t<a href=\"https:\/\/www.poliklinika-nedic.hr\/pn\/wp-content\/gallery\/svjetski-dan-secerne-bolesti\/fb_img_1447862089013.jpg\" title=\" \" class=\"shutterset_set_2\" >\r\n\t\t\t\t\t\t\t\t<img loading=\"lazy\" decoding=\"async\" title=\"fb_img_1447862089013\" alt=\"fb_img_1447862089013\" src=\"https:\/\/www.poliklinika-nedic.hr\/pn\/wp-content\/gallery\/svjetski-dan-secerne-bolesti\/thumbs\/thumbs_fb_img_1447862089013.jpg\" width=\"100\" height=\"75\" \/>\r\n\t\t\t\t\t\t\t<\/a>\r\n\t\t<\/div>\r\n\t<\/div>\r\n\t\r\n\t\t\r\n \t\t\r\n\t<div id=\"ngg-image-14\" class=\"ngg-gallery-thumbnail-box\"  >\r\n\t\t<div class=\"ngg-gallery-thumbnail\" >\r\n\t\t\t<a href=\"https:\/\/www.poliklinika-nedic.hr\/pn\/wp-content\/gallery\/svjetski-dan-secerne-bolesti\/fb_img_1447862128577.jpg\" title=\" \" class=\"shutterset_set_2\" >\r\n\t\t\t\t\t\t\t\t<img loading=\"lazy\" decoding=\"async\" title=\"fb_img_1447862128577\" alt=\"fb_img_1447862128577\" src=\"https:\/\/www.poliklinika-nedic.hr\/pn\/wp-content\/gallery\/svjetski-dan-secerne-bolesti\/thumbs\/thumbs_fb_img_1447862128577.jpg\" width=\"100\" height=\"75\" \/>\r\n\t\t\t\t\t\t\t<\/a>\r\n\t\t<\/div>\r\n\t<\/div>\r\n\t\r\n\t\t\r\n \t\t\r\n\t<div id=\"ngg-image-15\" class=\"ngg-gallery-thumbnail-box\"  >\r\n\t\t<div class=\"ngg-gallery-thumbnail\" >\r\n\t\t\t<a href=\"https:\/\/www.poliklinika-nedic.hr\/pn\/wp-content\/gallery\/svjetski-dan-secerne-bolesti\/fb_img_1447862151019.jpg\" title=\" \" class=\"shutterset_set_2\" >\r\n\t\t\t\t\t\t\t\t<img loading=\"lazy\" decoding=\"async\" title=\"fb_img_1447862151019\" alt=\"fb_img_1447862151019\" src=\"https:\/\/www.poliklinika-nedic.hr\/pn\/wp-content\/gallery\/svjetski-dan-secerne-bolesti\/thumbs\/thumbs_fb_img_1447862151019.jpg\" width=\"100\" height=\"75\" \/>\r\n\t\t\t\t\t\t\t<\/a>\r\n\t\t<\/div>\r\n\t<\/div>\r\n\t\r\n\t\t\r\n \t\t\r\n\t<div id=\"ngg-image-16\" class=\"ngg-gallery-thumbnail-box\"  >\r\n\t\t<div class=\"ngg-gallery-thumbnail\" >\r\n\t\t\t<a href=\"https:\/\/www.poliklinika-nedic.hr\/pn\/wp-content\/gallery\/svjetski-dan-secerne-bolesti\/fb_img_1447862172396.jpg\" title=\" \" class=\"shutterset_set_2\" >\r\n\t\t\t\t\t\t\t\t<img loading=\"lazy\" decoding=\"async\" title=\"fb_img_1447862172396\" alt=\"fb_img_1447862172396\" src=\"https:\/\/www.poliklinika-nedic.hr\/pn\/wp-content\/gallery\/svjetski-dan-secerne-bolesti\/thumbs\/thumbs_fb_img_1447862172396.jpg\" width=\"100\" height=\"75\" \/>\r\n\t\t\t\t\t\t\t<\/a>\r\n\t\t<\/div>\r\n\t<\/div>\r\n\t\r\n\t\t\r\n \t\t\r\n\t<div id=\"ngg-image-17\" class=\"ngg-gallery-thumbnail-box\"  >\r\n\t\t<div class=\"ngg-gallery-thumbnail\" >\r\n\t\t\t<a href=\"https:\/\/www.poliklinika-nedic.hr\/pn\/wp-content\/gallery\/svjetski-dan-secerne-bolesti\/fb_img_1447862181599.jpg\" title=\" \" class=\"shutterset_set_2\" >\r\n\t\t\t\t\t\t\t\t<img loading=\"lazy\" decoding=\"async\" title=\"fb_img_1447862181599\" alt=\"fb_img_1447862181599\" src=\"https:\/\/www.poliklinika-nedic.hr\/pn\/wp-content\/gallery\/svjetski-dan-secerne-bolesti\/thumbs\/thumbs_fb_img_1447862181599.jpg\" width=\"100\" height=\"75\" \/>\r\n\t\t\t\t\t\t\t<\/a>\r\n\t\t<\/div>\r\n\t<\/div>\r\n\t\r\n\t\t\r\n \t\t\r\n\t<div id=\"ngg-image-18\" class=\"ngg-gallery-thumbnail-box\"  >\r\n\t\t<div class=\"ngg-gallery-thumbnail\" >\r\n\t\t\t<a href=\"https:\/\/www.poliklinika-nedic.hr\/pn\/wp-content\/gallery\/svjetski-dan-secerne-bolesti\/fb_img_1447862192612.jpg\" title=\" \" class=\"shutterset_set_2\" >\r\n\t\t\t\t\t\t\t\t<img loading=\"lazy\" decoding=\"async\" title=\"fb_img_1447862192612\" alt=\"fb_img_1447862192612\" src=\"https:\/\/www.poliklinika-nedic.hr\/pn\/wp-content\/gallery\/svjetski-dan-secerne-bolesti\/thumbs\/thumbs_fb_img_1447862192612.jpg\" width=\"100\" height=\"75\" \/>\r\n\t\t\t\t\t\t\t<\/a>\r\n\t\t<\/div>\r\n\t<\/div>\r\n\t\r\n\t\t\r\n \t\t\r\n\t<div id=\"ngg-image-19\" class=\"ngg-gallery-thumbnail-box\"  >\r\n\t\t<div class=\"ngg-gallery-thumbnail\" >\r\n\t\t\t<a href=\"https:\/\/www.poliklinika-nedic.hr\/pn\/wp-content\/gallery\/svjetski-dan-secerne-bolesti\/fb_img_1447862200904.jpg\" title=\" \" class=\"shutterset_set_2\" >\r\n\t\t\t\t\t\t\t\t<img loading=\"lazy\" decoding=\"async\" title=\"fb_img_1447862200904\" alt=\"fb_img_1447862200904\" src=\"https:\/\/www.poliklinika-nedic.hr\/pn\/wp-content\/gallery\/svjetski-dan-secerne-bolesti\/thumbs\/thumbs_fb_img_1447862200904.jpg\" width=\"100\" height=\"75\" \/>\r\n\t\t\t\t\t\t\t<\/a>\r\n\t\t<\/div>\r\n\t<\/div>\r\n\t\r\n\t\t\r\n \t\t\r\n\t<div id=\"ngg-image-20\" class=\"ngg-gallery-thumbnail-box\"  >\r\n\t\t<div class=\"ngg-gallery-thumbnail\" >\r\n\t\t\t<a href=\"https:\/\/www.poliklinika-nedic.hr\/pn\/wp-content\/gallery\/svjetski-dan-secerne-bolesti\/fb_img_1447862269221.jpg\" title=\" \" class=\"shutterset_set_2\" >\r\n\t\t\t\t\t\t\t\t<img loading=\"lazy\" decoding=\"async\" title=\"fb_img_1447862269221\" alt=\"fb_img_1447862269221\" src=\"https:\/\/www.poliklinika-nedic.hr\/pn\/wp-content\/gallery\/svjetski-dan-secerne-bolesti\/thumbs\/thumbs_fb_img_1447862269221.jpg\" width=\"100\" height=\"75\" \/>\r\n\t\t\t\t\t\t\t<\/a>\r\n\t\t<\/div>\r\n\t<\/div>\r\n\t\r\n\t\t\r\n \t\t\r\n\t<div id=\"ngg-image-21\" class=\"ngg-gallery-thumbnail-box\"  >\r\n\t\t<div class=\"ngg-gallery-thumbnail\" >\r\n\t\t\t<a href=\"https:\/\/www.poliklinika-nedic.hr\/pn\/wp-content\/gallery\/svjetski-dan-secerne-bolesti\/fb_img_1447862278875.jpg\" title=\" \" class=\"shutterset_set_2\" >\r\n\t\t\t\t\t\t\t\t<img loading=\"lazy\" decoding=\"async\" title=\"fb_img_1447862278875\" alt=\"fb_img_1447862278875\" src=\"https:\/\/www.poliklinika-nedic.hr\/pn\/wp-content\/gallery\/svjetski-dan-secerne-bolesti\/thumbs\/thumbs_fb_img_1447862278875.jpg\" width=\"100\" height=\"75\" \/>\r\n\t\t\t\t\t\t\t<\/a>\r\n\t\t<\/div>\r\n\t<\/div>\r\n\t\r\n\t\t\r\n \t \t\r\n\t<!-- Pagination -->\r\n \t<div class='ngg-clear'><\/div>\n \t\r\n<\/div>\r\n\r\n\n","protected":false},"excerpt":{"rendered":"<p>Povodom Svjetskog dana \u0161e\u0107erne bolesti koji se obilje\u017eava 14. studenog organizirali smo akciju besplatnog mjerenja krvnog tlaka i \u0161e\u0107era u krvi, uz ku\u0161anje doma\u0107ih specijaliteta poput doma\u0107ih jabuka i su\u0161enih \u0161ljiva. Procjenjuje se da u Hrvatskoj svaka 10 osoba ima \u0161e\u0107ernu bolest a da 40% oboljelih jo\u0161 uvijek nema postavljenu dijagnozu. Ti podaci govore o<\/p>\n","protected":false},"author":4,"featured_media":1161,"comment_status":"closed","ping_status":"open","sticky":true,"template":"","format":"standard","meta":{"_acf_changed":false,"footnotes":""},"categories":[28],"tags":[],"acf":[],"_links":{"self":[{"href":"https:\/\/www.poliklinika-nedic.hr\/pn\/wp-json\/wp\/v2\/posts\/1113"}],"collection":[{"href":"https:\/\/www.poliklinika-nedic.hr\/pn\/wp-json\/wp\/v2\/posts"}],"about":[{"href":"https:\/\/www.poliklinika-nedic.hr\/pn\/wp-json\/wp\/v2\/types\/post"}],"author":[{"embeddable":true,"href":"https:\/\/www.poliklinika-nedic.hr\/pn\/wp-json\/wp\/v2\/users\/4"}],"replies":[{"embeddable":true,"href":"https:\/\/www.poliklinika-nedic.hr\/pn\/wp-json\/wp\/v2\/comments?post=1113"}],"version-history":[{"count":0,"href":"https:\/\/www.poliklinika-nedic.hr\/pn\/wp-json\/wp\/v2\/posts\/1113\/revisions"}],"wp:featuredmedia":[{"embeddable":true,"href":"https:\/\/www.poliklinika-nedic.hr\/pn\/wp-json\/wp\/v2\/media\/1161"}],"wp:attachment":[{"href":"https:\/\/www.poliklinika-nedic.hr\/pn\/wp-json\/wp\/v2\/media?parent=1113"}],"wp:term":[{"taxonomy":"category","embeddable":true,"href":"https:\/\/www.poliklinika-nedic.hr\/pn\/wp-json\/wp\/v2\/categories?post=1113"},{"taxonomy":"post_tag","embeddable":true,"href":"https:\/\/www.poliklinika-nedic.hr\/pn\/wp-json\/wp\/v2\/tags?post=1113"}],"curies":[{"name":"wp","href":"https:\/\/api.w.org\/{rel}","templated":true}]}}