{"id":1098,"date":"2015-02-23T15:05:14","date_gmt":"2015-02-23T14:05:14","guid":{"rendered":"http:\/\/www.poliklinika-nedic.hr\/pn\/?p=1098"},"modified":"2016-04-18T07:41:14","modified_gmt":"2016-04-18T06:41:14","slug":"natjecaj-za-izbor-i-imenovanje-ravnateljaice-poliklinike-dr-nedic","status":"publish","type":"post","link":"https:\/\/www.poliklinika-nedic.hr\/pn\/natjecaj-za-izbor-i-imenovanje-ravnateljaice-poliklinike-dr-nedic\/","title":{"rendered":"Natje\u010daj za izbor i imenovanje ravnatelja\/ice Poliklinike Dr. Nedi\u0107"},"content":{"rendered":"<p>Na temelju \u010dlanka 38. Zakona o Ustanovama i Statuta Poliklinike Dr. Nedi\u0107, iz Slatine, Upravno vije\u0107e raspisuje<\/p>\n<h2 style=\"text-align: center;\">Natje\u010daj<br \/>\nza izbor i imenovacnje ravnatelja\/ice<br \/>\nPoliklinike Dr. Nedi\u0107<\/h2>\n<p><strong>Za ravnatelja\/icu mo\u017ee biti imenovana osoba koja ispunjava slijede\u0107e uvjete:<\/strong><\/p>\n<ul>\n<li>&#8211; zavr\u0161en Medicinski fakultet i specijalizacija iz interne medicine ili ginekologije;<\/li>\n<li>&#8211; pet godina radnog iskustva u struci;<\/li>\n<li>&#8211; da se odlikuje radnim, stru\u010dnim i organizacijskim sposobnostima;<\/li>\n<li>&#8211; hrvatsko dr\u017eavljanstvo.<\/li>\n<\/ul>\n<p><strong>Uz pisanu prijavu na natje\u010daj kandidati trebaju prilo\u017eiti u izvorniku ili ovjernom presliku:<\/strong><\/p>\n<ul>\n<li>1. dokaz o stru\u010dnoj spremi;<\/li>\n<li>2. domovnicu;<\/li>\n<li>3. \u017eivotopis.<\/li>\n<\/ul>\n<p>Ravatelj\/ica se bira na vrijeme od \u010detiri godine s mogu\u0107no\u0161\u0107u reizbora.<\/p>\n<p>Prijave na natje\u010daj s dokazima o ispunjavanju uvjeta \u0161alju se na adresu:<\/p>\n<p style=\"padding-left: 30px;\"><strong>Poliklinika Dr. Nedi\u0107<\/strong><br \/>\n<strong>Natje\u010daj za ravnatelja<\/strong><br \/>\n<strong>Bana Jela\u010di\u0107a 39<\/strong><br \/>\n<strong>33520 Slatina<\/strong><\/p>\n<p>u roku od 15 dana od dana objavljivanja ovog natje\u010daja.<\/p>\n<p>Svi prijavljeni kandidati bit \u0107e obavije\u0161teni o ishodu natje\u010daja u zakonskom roku.<\/p>\n<p>Nepotpune i nepravodobne prijave ne\u0107e se razmatrati.<\/p>\n<p>Slatina 23. velja\u010de 2015.<\/p>\n<p>Natje\u010daj za ispis mo\u017eete preuzeti <a href=\"http:\/\/www.poliklinika-nedic.hr\/pn\/wp-content\/uploads\/2015\/03\/natjecaj-733x1024.jpg\" target=\"_blank\">ovdje&#8230;<\/a><\/p>\n","protected":false},"excerpt":{"rendered":"<p>Na temelju \u010dlanka 38. Zakona o Ustanovama i Statuta Poliklinike Dr. Nedi\u0107, iz Slatine, Upravno vije\u0107e raspisuje Natje\u010daj za izbor i imenovacnje ravnatelja\/ice Poliklinike Dr. Nedi\u0107 Za ravnatelja\/icu mo\u017ee biti imenovana osoba koja ispunjava slijede\u0107e uvjete: &#8211; zavr\u0161en Medicinski fakultet i specijalizacija iz interne medicine ili ginekologije; &#8211; pet godina radnog iskustva u struci; &#8211;<\/p>\n","protected":false},"author":4,"featured_media":1099,"comment_status":"closed","ping_status":"open","sticky":false,"template":"","format":"standard","meta":{"_acf_changed":false,"footnotes":""},"categories":[65],"tags":[],"acf":[],"_links":{"self":[{"href":"https:\/\/www.poliklinika-nedic.hr\/pn\/wp-json\/wp\/v2\/posts\/1098"}],"collection":[{"href":"https:\/\/www.poliklinika-nedic.hr\/pn\/wp-json\/wp\/v2\/posts"}],"about":[{"href":"https:\/\/www.poliklinika-nedic.hr\/pn\/wp-json\/wp\/v2\/types\/post"}],"author":[{"embeddable":true,"href":"https:\/\/www.poliklinika-nedic.hr\/pn\/wp-json\/wp\/v2\/users\/4"}],"replies":[{"embeddable":true,"href":"https:\/\/www.poliklinika-nedic.hr\/pn\/wp-json\/wp\/v2\/comments?post=1098"}],"version-history":[{"count":0,"href":"https:\/\/www.poliklinika-nedic.hr\/pn\/wp-json\/wp\/v2\/posts\/1098\/revisions"}],"wp:featuredmedia":[{"embeddable":true,"href":"https:\/\/www.poliklinika-nedic.hr\/pn\/wp-json\/wp\/v2\/media\/1099"}],"wp:attachment":[{"href":"https:\/\/www.poliklinika-nedic.hr\/pn\/wp-json\/wp\/v2\/media?parent=1098"}],"wp:term":[{"taxonomy":"category","embeddable":true,"href":"https:\/\/www.poliklinika-nedic.hr\/pn\/wp-json\/wp\/v2\/categories?post=1098"},{"taxonomy":"post_tag","embeddable":true,"href":"https:\/\/www.poliklinika-nedic.hr\/pn\/wp-json\/wp\/v2\/tags?post=1098"}],"curies":[{"name":"wp","href":"https:\/\/api.w.org\/{rel}","templated":true}]}}