{"id":1092,"date":"2014-12-22T14:17:47","date_gmt":"2014-12-22T13:17:47","guid":{"rendered":"http:\/\/www.poliklinika-nedic.hr\/pn\/?p=1092"},"modified":"2016-04-18T07:42:43","modified_gmt":"2016-04-18T06:42:43","slug":"od-22-12-2014-radimo-u-novom-prostoru","status":"publish","type":"post","link":"https:\/\/www.poliklinika-nedic.hr\/pn\/od-22-12-2014-radimo-u-novom-prostoru\/","title":{"rendered":"Od 22.12.2014. radimo u novom prostoru"},"content":{"rendered":"<p style=\"text-align: justify;\"><img loading=\"lazy\" decoding=\"async\" class=\"alignright size-full wp-image-1094\" src=\"http:\/\/www.poliklinika-nedic.hr\/pn\/wp-content\/uploads\/2014\/12\/poliklinika_nedic_m.jpg\" alt=\"poliklinika_nedic_m\" width=\"288\" height=\"192\" \/>Od 22. prosinca 2014. godine Poliklinika Dr. Nedi\u0107 i ordinacija Dr. Jasminke Nedi\u0107 rade u novom prostoru, u ulici Bana Jela\u010di\u0107a 39. Radno vrijeme za obje ordinacije ostaje isto kao ranije.<\/p>\n<p style=\"text-align: justify;\">Novi prostor je izgra\u0111en za osam mjeseci, ukupne bruto povr\u0161ine je 400 m2, optimalno je arhitektonski rije\u0161en, s ugra\u0111enim dizalom prilago\u0111en je invalidnim i te\u017ee pokretnim osobama. Posjeduje vlastito parkirali\u0161te. Novi prostor \u0107e pru\u017eiti optimalni komfor kako pacijentima, tako i osoblju.<\/p>\n<p style=\"text-align: justify;\">U sklopu nove zgrade Poliklinike Dr. Nedi\u0107 nalazi se i poslovni prostor koji \u0107e tako\u0111er biti u funkciji promocije zdravog \u017eivota i bit \u0107e otvoren u sljede\u0107ih mjesec dana, poslije \u010dega je predvi\u0111eno prigodno otvorenje cijeloga objekta.<\/p>\n<p><img loading=\"lazy\" decoding=\"async\" class=\"aligncenter size-full wp-image-1093\" src=\"http:\/\/www.poliklinika-nedic.hr\/pn\/wp-content\/uploads\/2014\/12\/poliklinika_nedic_v.jpg\" alt=\"poliklinika_nedic_v\" width=\"599\" height=\"402\" srcset=\"https:\/\/www.poliklinika-nedic.hr\/pn\/wp-content\/uploads\/2014\/12\/poliklinika_nedic_v.jpg 599w, https:\/\/www.poliklinika-nedic.hr\/pn\/wp-content\/uploads\/2014\/12\/poliklinika_nedic_v-300x201.jpg 300w\" sizes=\"(max-width: 599px) 100vw, 599px\" \/><\/p>\n<p>Dobro do\u0161li!!!<\/p>\n","protected":false},"excerpt":{"rendered":"<p>Od 22. prosinca 2014. godine Poliklinika Dr. Nedi\u0107 i ordinacija Dr. Jasminke Nedi\u0107 rade u novom prostoru, u ulici Bana Jela\u010di\u0107a 39. Radno vrijeme za obje ordinacije ostaje isto kao ranije. Novi prostor je izgra\u0111en za osam mjeseci, ukupne bruto povr\u0161ine je 400 m2, optimalno je arhitektonski rije\u0161en, s ugra\u0111enim dizalom prilago\u0111en je invalidnim i<\/p>\n","protected":false},"author":4,"featured_media":1093,"comment_status":"closed","ping_status":"open","sticky":false,"template":"","format":"standard","meta":{"_acf_changed":false,"footnotes":""},"categories":[28],"tags":[],"acf":[],"_links":{"self":[{"href":"https:\/\/www.poliklinika-nedic.hr\/pn\/wp-json\/wp\/v2\/posts\/1092"}],"collection":[{"href":"https:\/\/www.poliklinika-nedic.hr\/pn\/wp-json\/wp\/v2\/posts"}],"about":[{"href":"https:\/\/www.poliklinika-nedic.hr\/pn\/wp-json\/wp\/v2\/types\/post"}],"author":[{"embeddable":true,"href":"https:\/\/www.poliklinika-nedic.hr\/pn\/wp-json\/wp\/v2\/users\/4"}],"replies":[{"embeddable":true,"href":"https:\/\/www.poliklinika-nedic.hr\/pn\/wp-json\/wp\/v2\/comments?post=1092"}],"version-history":[{"count":0,"href":"https:\/\/www.poliklinika-nedic.hr\/pn\/wp-json\/wp\/v2\/posts\/1092\/revisions"}],"wp:featuredmedia":[{"embeddable":true,"href":"https:\/\/www.poliklinika-nedic.hr\/pn\/wp-json\/wp\/v2\/media\/1093"}],"wp:attachment":[{"href":"https:\/\/www.poliklinika-nedic.hr\/pn\/wp-json\/wp\/v2\/media?parent=1092"}],"wp:term":[{"taxonomy":"category","embeddable":true,"href":"https:\/\/www.poliklinika-nedic.hr\/pn\/wp-json\/wp\/v2\/categories?post=1092"},{"taxonomy":"post_tag","embeddable":true,"href":"https:\/\/www.poliklinika-nedic.hr\/pn\/wp-json\/wp\/v2\/tags?post=1092"}],"curies":[{"name":"wp","href":"https:\/\/api.w.org\/{rel}","templated":true}]}}