{"id":1053,"date":"2013-09-24T10:02:40","date_gmt":"2013-09-24T09:02:40","guid":{"rendered":"http:\/\/www.poliklinika-nedic.hr\/pn\/?p=1053"},"modified":"2013-09-24T10:07:20","modified_gmt":"2013-09-24T09:07:20","slug":"kreni-putem-zdravog-srca","status":"publish","type":"post","link":"https:\/\/www.poliklinika-nedic.hr\/pn\/kreni-putem-zdravog-srca\/","title":{"rendered":"Kreni putem zdravog srca"},"content":{"rendered":"<p><img loading=\"lazy\" decoding=\"async\" class=\"alignleft size-full wp-image-1056\" alt=\"svjetski-dan-srca-2013\" src=\"http:\/\/www.poliklinika-nedic.hr\/pn\/wp-content\/uploads\/2013\/09\/svjetski-dan-srca-2013.jpg\" width=\"100\" height=\"110\" \/><\/p>\n<p style=\"text-align: right;\"><a href=\"https:\/\/www.poliklinika-nedic.hr\/pn\/kreni-putem-zdravog-srca\/print\/\" title=\"Ispi\u0161i\" rel=\"nofollow\"><img decoding=\"async\" class=\"WP-PrintIcon\" src=\"https:\/\/www.poliklinika-nedic.hr\/pn\/wp-content\/plugins\/wp-print\/images\/printer_famfamfam.gif\" alt=\"Ispi\u0161i\" title=\"Ispi\u0161i\" style=\"border: 0px;\" \/><\/a>&nbsp;<a href=\"https:\/\/www.poliklinika-nedic.hr\/pn\/kreni-putem-zdravog-srca\/print\/\" title=\"Ispi\u0161i\" rel=\"nofollow\">Ispi\u0161i<\/a><\/p>\n<p style=\"text-align: justify;\">Svjetski dan srca obilje\u017eava se 29. rujna 2013. godine pod geslom &#8220;Kreni putem zdravog srca&#8221;.<\/p>\n<p style=\"text-align: justify;\">U znak proslave Svjetskog dana srca, poduzmite korake prema \u017eivotu sa zdravim srcem: poti\u010dite tjelesnu aktivnost i zdravu prehranu te zabranite pu\u0161enje kako biste sebi i svojoj obitelji smanjili rizik od bolesti srca i mo\u017edanog udara. Danas imamo mogu\u0107nost sprije\u010diti budu\u0107i u\u010dinak tih bolesti omogu\u0107avaju\u0107i \u017eivot sa zdravim srcem od djetinjstva pa tijekom cijelog \u017eivota.<\/p>\n<p style=\"text-align: justify;\">Za vi\u0161e informacija pratite web stranice Zaklade Hrvatska ku\u0107a srca i Hrvatskog kardiolo\u0161kog dru\u0161tva.<\/p>\n<p style=\"text-align: justify;\">Zaklada Hrvatska ku\u0107a srca: <a href=\"http:\/\/www.zaklada-hks.hr \" target=\"_blank\">http:\/\/www.zaklada-hks.hr<\/a><br \/>\nFacebook: <a href=\"https:\/\/www.facebook.com\/HrvatskaKucaSrca\" target=\"_blank\">https:\/\/www.facebook.com\/HrvatskaKucaSrca<\/a><br \/>\nSvjetska kardiolo\u0161ka federacija: <a href=\"http:\/\/www.worldheartday.org\" target=\"_blank\">http:\/\/www.worldheartday.org<\/a><\/p>\n<ul style=\"text-align: justify;\">\n<li><a href=\"http:\/\/www.kardio.hr\/images\/stories\/files\/SDSrca-2013_plakat.pdf\" target=\"_blank\">&#8211; Plakat Svjetski dan srca 2013. (web rezolucija) &#8211; pdf (734.86 KB)<\/a><\/li>\n<li><a href=\"http:\/\/www.kardio.hr\/images\/stories\/files\/SDSrca-2013_plakat-A3_print.pdf\" target=\"_blank\">&#8211;\u00a0Plakat Svjetski dan srca 2013. (print A3) &#8211; pdf (2.33 MB)<\/a><\/li>\n<li><a href=\"http:\/\/www.kardio.hr\/images\/stories\/files\/SDS-2013_letak_djeca.pdf\" target=\"_blank\">&#8211;\u00a0Letak Svjetski dan srca 2013. (djeca) &#8211; pdf (1.77 MB)<\/a><\/li>\n<li><a href=\"http:\/\/www.kardio.hr\/images\/stories\/files\/SDS-2013_letak_odrasli_print.pdf\" target=\"_blank\">&#8211;\u00a0Letak Svjetski dan srca 2013. (odrasli) &#8211; pdf (1.62 MB)<\/a><\/li>\n<\/ul>\n","protected":false},"excerpt":{"rendered":"<p>Svjetski dan srca obilje\u017eava se 29. rujna 2013. godine pod geslom &#8220;Kreni putem zdravog srca&#8221;. U znak proslave Svjetskog dana srca, poduzmite korake prema \u017eivotu sa zdravim srcem: poti\u010dite tjelesnu aktivnost i zdravu prehranu te zabranite pu\u0161enje kako biste sebi i svojoj obitelji smanjili rizik od bolesti srca i mo\u017edanog udara. Danas imamo mogu\u0107nost sprije\u010diti<\/p>\n","protected":false},"author":4,"featured_media":1055,"comment_status":"closed","ping_status":"open","sticky":false,"template":"","format":"standard","meta":{"_acf_changed":false,"footnotes":""},"categories":[65],"tags":[],"acf":[],"_links":{"self":[{"href":"https:\/\/www.poliklinika-nedic.hr\/pn\/wp-json\/wp\/v2\/posts\/1053"}],"collection":[{"href":"https:\/\/www.poliklinika-nedic.hr\/pn\/wp-json\/wp\/v2\/posts"}],"about":[{"href":"https:\/\/www.poliklinika-nedic.hr\/pn\/wp-json\/wp\/v2\/types\/post"}],"author":[{"embeddable":true,"href":"https:\/\/www.poliklinika-nedic.hr\/pn\/wp-json\/wp\/v2\/users\/4"}],"replies":[{"embeddable":true,"href":"https:\/\/www.poliklinika-nedic.hr\/pn\/wp-json\/wp\/v2\/comments?post=1053"}],"version-history":[{"count":0,"href":"https:\/\/www.poliklinika-nedic.hr\/pn\/wp-json\/wp\/v2\/posts\/1053\/revisions"}],"wp:featuredmedia":[{"embeddable":true,"href":"https:\/\/www.poliklinika-nedic.hr\/pn\/wp-json\/wp\/v2\/media\/1055"}],"wp:attachment":[{"href":"https:\/\/www.poliklinika-nedic.hr\/pn\/wp-json\/wp\/v2\/media?parent=1053"}],"wp:term":[{"taxonomy":"category","embeddable":true,"href":"https:\/\/www.poliklinika-nedic.hr\/pn\/wp-json\/wp\/v2\/categories?post=1053"},{"taxonomy":"post_tag","embeddable":true,"href":"https:\/\/www.poliklinika-nedic.hr\/pn\/wp-json\/wp\/v2\/tags?post=1053"}],"curies":[{"name":"wp","href":"https:\/\/api.w.org\/{rel}","templated":true}]}}