{"id":1048,"date":"2016-04-15T19:32:23","date_gmt":"2016-04-15T18:32:23","guid":{"rendered":"http:\/\/www.poliklinika-nedic.hr\/pn\/?p=1048"},"modified":"2016-04-18T11:22:39","modified_gmt":"2016-04-18T10:22:39","slug":"novi-nacin-upucivanja-u-specijalisticke-ambulante","status":"publish","type":"post","link":"https:\/\/www.poliklinika-nedic.hr\/pn\/novi-nacin-upucivanja-u-specijalisticke-ambulante\/","title":{"rendered":"Novi na\u010din upu\u0107ivanja u specijalisti\u010dke ambulante"},"content":{"rendered":"<p style=\"text-align: justify;\"><img loading=\"lazy\" decoding=\"async\" class=\"alignright size-medium wp-image-1049\" src=\"http:\/\/www.poliklinika-nedic.hr\/pn\/wp-content\/uploads\/2013\/09\/stetoskop-300x199.jpg\" alt=\"http:\/\/www.photl.com\/\" width=\"300\" height=\"199\" srcset=\"https:\/\/www.poliklinika-nedic.hr\/pn\/wp-content\/uploads\/2013\/09\/stetoskop-300x199.jpg 300w, https:\/\/www.poliklinika-nedic.hr\/pn\/wp-content\/uploads\/2013\/09\/stetoskop.jpg 848w\" sizes=\"(max-width: 300px) 100vw, 300px\" \/>U okviru zapo\u010dete jo\u0161 jedne od mnogobrojnih zdravstvenih reformi, do\u0161lo je do promjena u na\u010dinu upu\u0107ivanja na specijalisti\u010dke preglede. Cilj promjena je ubrzati protok pacijenata kroz specijalisti\u010dke ambulante i rije\u0161iti se beskrajnih i iskreno govore\u0107i \u010desto nepotrebnih kontrolnih pregleda, koji sada idu pod &#8220;nadle\u017enost&#8221; obiteljskih lije\u010dnika. Na taj na\u010din o\u010dekuje se skra\u0107enje listi \u010dekanja.<\/p>\n<p style=\"text-align: justify;\">\u0160to se ti\u010de posla u na\u0161oj internisti\u010dkoj ordinaciji, koja je i nadalje ugovorni subjekt HZZO-a, dojam je da su se stvari pojednostavile, i za nas i za pacijente.<\/p>\n<p style=\"text-align: justify;\">Prije svega na jednu uputnicu mo\u017eemo napraviti do dvije usluge: <span style=\"color: #0000ff;\">pregled i jo\u0161 jednu dijagnosti\u010dku uslugu<\/span>. Zatim, kroz tzv. <span style=\"color: #0000ff;\">interne uputnice (potrebna je oznaka uputnice od obiteljskog lije\u010dnika C1), <\/span>mo\u017eemo napraviti kompletnu neinvazivnu kardiolo\u0161ku obradu.<\/p>\n<p style=\"text-align: justify;\">Na\u0161 cilj je i do sada bio, a tako \u0107e biti i ubudu\u0107e, da internisti\u010dka\/kardiolo\u0161ka ordinacija bude mjesto najbr\u017ee mogu\u0107e obrade pacijenta, postavljanje jasne dijagnoze i uvo\u0111enje najkvalitetnije terapije.<\/p>\n<p style=\"text-align: justify;\">Kako na zadovoljstvo pacijenta, tako i djelatnika ordinacije.<\/p>\n","protected":false},"excerpt":{"rendered":"<p>U okviru zapo\u010dete jo\u0161 jedne od mnogobrojnih zdravstvenih reformi, do\u0161lo je do promjena u na\u010dinu upu\u0107ivanja na specijalisti\u010dke preglede. Cilj promjena je ubrzati protok pacijenata kroz specijalisti\u010dke ambulante i rije\u0161iti se beskrajnih i iskreno govore\u0107i \u010desto nepotrebnih kontrolnih pregleda, koji sada idu pod &#8220;nadle\u017enost&#8221; obiteljskih lije\u010dnika. Na taj na\u010din o\u010dekuje se skra\u0107enje listi \u010dekanja. \u0160to<\/p>\n","protected":false},"author":4,"featured_media":1049,"comment_status":"closed","ping_status":"open","sticky":false,"template":"","format":"standard","meta":{"_acf_changed":false,"footnotes":""},"categories":[14],"tags":[],"acf":[],"_links":{"self":[{"href":"https:\/\/www.poliklinika-nedic.hr\/pn\/wp-json\/wp\/v2\/posts\/1048"}],"collection":[{"href":"https:\/\/www.poliklinika-nedic.hr\/pn\/wp-json\/wp\/v2\/posts"}],"about":[{"href":"https:\/\/www.poliklinika-nedic.hr\/pn\/wp-json\/wp\/v2\/types\/post"}],"author":[{"embeddable":true,"href":"https:\/\/www.poliklinika-nedic.hr\/pn\/wp-json\/wp\/v2\/users\/4"}],"replies":[{"embeddable":true,"href":"https:\/\/www.poliklinika-nedic.hr\/pn\/wp-json\/wp\/v2\/comments?post=1048"}],"version-history":[{"count":0,"href":"https:\/\/www.poliklinika-nedic.hr\/pn\/wp-json\/wp\/v2\/posts\/1048\/revisions"}],"wp:featuredmedia":[{"embeddable":true,"href":"https:\/\/www.poliklinika-nedic.hr\/pn\/wp-json\/wp\/v2\/media\/1049"}],"wp:attachment":[{"href":"https:\/\/www.poliklinika-nedic.hr\/pn\/wp-json\/wp\/v2\/media?parent=1048"}],"wp:term":[{"taxonomy":"category","embeddable":true,"href":"https:\/\/www.poliklinika-nedic.hr\/pn\/wp-json\/wp\/v2\/categories?post=1048"},{"taxonomy":"post_tag","embeddable":true,"href":"https:\/\/www.poliklinika-nedic.hr\/pn\/wp-json\/wp\/v2\/tags?post=1048"}],"curies":[{"name":"wp","href":"https:\/\/api.w.org\/{rel}","templated":true}]}}