{"id":1046,"date":"2013-09-15T19:28:29","date_gmt":"2013-09-15T18:28:29","guid":{"rendered":"http:\/\/www.poliklinika-nedic.hr\/pn\/?p=1046"},"modified":"2013-09-15T19:29:23","modified_gmt":"2013-09-15T18:29:23","slug":"poliklinika-dr-nedic-nece-strajkati","status":"publish","type":"post","link":"https:\/\/www.poliklinika-nedic.hr\/pn\/poliklinika-dr-nedic-nece-strajkati\/","title":{"rendered":"Poliklinika dr. Nedi\u0107 ne\u0107e \u0161trajkati"},"content":{"rendered":"<p style=\"text-align: justify;\"><img loading=\"lazy\" decoding=\"async\" class=\"alignright size-medium wp-image-1047\" alt=\"http:\/\/www.photl.com\/\" src=\"http:\/\/www.poliklinika-nedic.hr\/pn\/wp-content\/uploads\/2013\/09\/doc-300x199.jpg\" width=\"300\" height=\"199\" srcset=\"https:\/\/www.poliklinika-nedic.hr\/pn\/wp-content\/uploads\/2013\/09\/doc-300x199.jpg 300w, https:\/\/www.poliklinika-nedic.hr\/pn\/wp-content\/uploads\/2013\/09\/doc.jpg 848w\" sizes=\"(max-width: 300px) 100vw, 300px\" \/>Sve su \u010de\u0161\u0107i upiti pacijenata o tome ho\u0107emo li raditi u slu\u010daju \u0161trajka zdravstvenih djelatnika.<\/p>\n<p style=\"text-align: justify;\">Du\u017enost nam je obavijestiti na\u0161e pacijente da osoblje Poliklinike ne\u0107e \u0161trajkati.<\/p>\n<p style=\"text-align: justify;\">Podr\u017eavamo sve lije\u010dnike i medicinske sestre u borbi za status kakav zaslu\u017euju i s njima se solidariziramo, ali na\u0161a pozicija je druga\u010dija i mi \u0107emo raditi po svojem uobi\u010dajenom rasporedu.<\/p>\n","protected":false},"excerpt":{"rendered":"<p>Sve su \u010de\u0161\u0107i upiti pacijenata o tome ho\u0107emo li raditi u slu\u010daju \u0161trajka zdravstvenih djelatnika. Du\u017enost nam je obavijestiti na\u0161e pacijente da osoblje Poliklinike ne\u0107e \u0161trajkati. Podr\u017eavamo sve lije\u010dnike i medicinske sestre u borbi za status kakav zaslu\u017euju i s njima se solidariziramo, ali na\u0161a pozicija je druga\u010dija i mi \u0107emo raditi po svojem uobi\u010dajenom<\/p>\n","protected":false},"author":4,"featured_media":1047,"comment_status":"closed","ping_status":"open","sticky":false,"template":"","format":"standard","meta":{"_acf_changed":false,"footnotes":""},"categories":[14],"tags":[],"acf":[],"_links":{"self":[{"href":"https:\/\/www.poliklinika-nedic.hr\/pn\/wp-json\/wp\/v2\/posts\/1046"}],"collection":[{"href":"https:\/\/www.poliklinika-nedic.hr\/pn\/wp-json\/wp\/v2\/posts"}],"about":[{"href":"https:\/\/www.poliklinika-nedic.hr\/pn\/wp-json\/wp\/v2\/types\/post"}],"author":[{"embeddable":true,"href":"https:\/\/www.poliklinika-nedic.hr\/pn\/wp-json\/wp\/v2\/users\/4"}],"replies":[{"embeddable":true,"href":"https:\/\/www.poliklinika-nedic.hr\/pn\/wp-json\/wp\/v2\/comments?post=1046"}],"version-history":[{"count":0,"href":"https:\/\/www.poliklinika-nedic.hr\/pn\/wp-json\/wp\/v2\/posts\/1046\/revisions"}],"wp:featuredmedia":[{"embeddable":true,"href":"https:\/\/www.poliklinika-nedic.hr\/pn\/wp-json\/wp\/v2\/media\/1047"}],"wp:attachment":[{"href":"https:\/\/www.poliklinika-nedic.hr\/pn\/wp-json\/wp\/v2\/media?parent=1046"}],"wp:term":[{"taxonomy":"category","embeddable":true,"href":"https:\/\/www.poliklinika-nedic.hr\/pn\/wp-json\/wp\/v2\/categories?post=1046"},{"taxonomy":"post_tag","embeddable":true,"href":"https:\/\/www.poliklinika-nedic.hr\/pn\/wp-json\/wp\/v2\/tags?post=1046"}],"curies":[{"name":"wp","href":"https:\/\/api.w.org\/{rel}","templated":true}]}}